{"id":5627,"date":"2014-11-11T19:08:00","date_gmt":"2014-11-11T18:08:00","guid":{"rendered":"http:\/\/www.kj-valentin.at\/wp\/?p=5627"},"modified":"2014-11-11T19:16:28","modified_gmt":"2014-11-11T18:16:28","slug":"martinsfeste-mit-den-kindergartenkindern-und-ihren-familien","status":"publish","type":"post","link":"https:\/\/www.kj-valentin.at\/wp\/martinsfeste-mit-den-kindergartenkindern-und-ihren-familien\/","title":{"rendered":"Martinsfeste mit den Kindergartenkindern und ihren Familien"},"content":{"rendered":"<p><a href=\"http:\/\/www.kj-valentin.at\/wp\/wp-content\/uploads\/2014\/11\/KIGAmartin2014.jpg\"><img decoding=\"async\" loading=\"lazy\" class=\"alignnone size-full wp-image-5628\" src=\"http:\/\/www.kj-valentin.at\/wp\/wp-content\/uploads\/2014\/11\/KIGAmartin2014.jpg\" alt=\"KIGAmartin2014\" width=\"2048\" height=\"1536\" srcset=\"https:\/\/www.kj-valentin.at\/wp\/wp-content\/uploads\/2014\/11\/KIGAmartin2014.jpg 2048w, https:\/\/www.kj-valentin.at\/wp\/wp-content\/uploads\/2014\/11\/KIGAmartin2014-300x225.jpg 300w, https:\/\/www.kj-valentin.at\/wp\/wp-content\/uploads\/2014\/11\/KIGAmartin2014-1024x768.jpg 1024w\" sizes=\"(max-width: 2048px) 100vw, 2048px\" \/><\/a><br \/>\n<strong>Im Land Nieder\u00f6sterreich &#8218;d\u00fcrfen&#8216; noch Martinsfeste im Kindergarten gefeiert werden.<\/strong> In unserer Bundeshauptstadt hat sich die Sachlage (oder die Bev\u00f6lkerung) schon ge\u00e4ndert. Doch, wie wichtig sind gute <strong>Vorbilder<\/strong> und sogenannte <strong>positive &#8218;Stars&#8216;<\/strong> f\u00fcr unsere (Klein-) Kinder, ja f\u00fcr unsere ganze Gesellschaft? Auch wenn der Heilige Martin schon vor 1600 Jahren gelebt und damals viel mehr als nur seinen Mantel geteilt hat, dieser <strong>&#8218;Jesus-Freund&#8216;<\/strong> hat uns auch im 21. Jahrhundert noch viel zu sagen. Um es klar zu sagen: <em>Ich bin f\u00fcr die Trennung von Kirche und Staat, aber das hei\u00dft nicht eine Trennung zwischen Kirche und Gesellschaft!<\/em> Um so mehr freue ich mich \u00fcber die wundersch\u00f6nen und sinnvollen Martinsfeste in unserem Kindergarten. Mit viel Gef\u00fchl und Engagement werden diese Feste f\u00fcr Gro\u00df und Klein von den Kleinkindp\u00e4dagoginnen vorbereitet. Und diese Feiern gehen zu Herzen! <strong>M\u00f6ge uns das Vorbild des Hl. Martin motivieren, selbst Licht in diese oft so dunkle Welt zu bingen!<\/strong> Danke, dass es das Martinsfefst bei uns noch gibt!<\/p>\n","protected":false},"excerpt":{"rendered":"<p>Im Land Nieder\u00f6sterreich &#8218;d\u00fcrfen&#8216; noch Martinsfeste im Kindergarten gefeiert werden. In unserer Bundeshauptstadt hat sich die Sachlage (oder die Bev\u00f6lkerung) schon ge\u00e4ndert. Doch, wie wichtig sind gute Vorbilder und sogenannte positive &#8218;Stars&#8216; f\u00fcr unsere (Klein-)<\/p>\n","protected":false},"author":2,"featured_media":0,"comment_status":"closed","ping_status":"closed","sticky":false,"template":"","format":"standard","meta":[],"categories":[1],"tags":[],"_links":{"self":[{"href":"https:\/\/www.kj-valentin.at\/wp\/wp-json\/wp\/v2\/posts\/5627"}],"collection":[{"href":"https:\/\/www.kj-valentin.at\/wp\/wp-json\/wp\/v2\/posts"}],"about":[{"href":"https:\/\/www.kj-valentin.at\/wp\/wp-json\/wp\/v2\/types\/post"}],"author":[{"embeddable":true,"href":"https:\/\/www.kj-valentin.at\/wp\/wp-json\/wp\/v2\/users\/2"}],"replies":[{"embeddable":true,"href":"https:\/\/www.kj-valentin.at\/wp\/wp-json\/wp\/v2\/comments?post=5627"}],"version-history":[{"count":2,"href":"https:\/\/www.kj-valentin.at\/wp\/wp-json\/wp\/v2\/posts\/5627\/revisions"}],"predecessor-version":[{"id":5630,"href":"https:\/\/www.kj-valentin.at\/wp\/wp-json\/wp\/v2\/posts\/5627\/revisions\/5630"}],"wp:attachment":[{"href":"https:\/\/www.kj-valentin.at\/wp\/wp-json\/wp\/v2\/media?parent=5627"}],"wp:term":[{"taxonomy":"category","embeddable":true,"href":"https:\/\/www.kj-valentin.at\/wp\/wp-json\/wp\/v2\/categories?post=5627"},{"taxonomy":"post_tag","embeddable":true,"href":"https:\/\/www.kj-valentin.at\/wp\/wp-json\/wp\/v2\/tags?post=5627"}],"curies":[{"name":"wp","href":"https:\/\/api.w.org\/{rel}","templated":true}]}}