{"id":5556,"date":"2014-10-31T13:36:16","date_gmt":"2014-10-31T12:36:16","guid":{"rendered":"http:\/\/www.kj-valentin.at\/wp\/?p=5556"},"modified":"2014-10-31T13:36:16","modified_gmt":"2014-10-31T12:36:16","slug":"allerheiligen-allerseelen-st-valentin-feiern","status":"publish","type":"post","link":"https:\/\/www.kj-valentin.at\/wp\/allerheiligen-allerseelen-st-valentin-feiern\/","title":{"rendered":"Allerheiligen-Allerseelen (in St. Valentin) feiern &#8230;"},"content":{"rendered":"<p><a href=\"http:\/\/www.kj-valentin.at\/wp\/wp-content\/uploads\/2014\/10\/Allerheiligen-5.jpg\"><img decoding=\"async\" loading=\"lazy\" class=\"alignnone size-full wp-image-5557\" src=\"http:\/\/www.kj-valentin.at\/wp\/wp-content\/uploads\/2014\/10\/Allerheiligen-5.jpg\" alt=\"Allerheiligen-5\" width=\"1100\" height=\"733\" srcset=\"https:\/\/www.kj-valentin.at\/wp\/wp-content\/uploads\/2014\/10\/Allerheiligen-5.jpg 1100w, https:\/\/www.kj-valentin.at\/wp\/wp-content\/uploads\/2014\/10\/Allerheiligen-5-300x199.jpg 300w, https:\/\/www.kj-valentin.at\/wp\/wp-content\/uploads\/2014\/10\/Allerheiligen-5-1024x682.jpg 1024w\" sizes=\"(max-width: 1100px) 100vw, 1100px\" \/><\/a><\/p>\n<p><strong>Samstag 1. November 2014<\/strong><br \/>\n8:00 Uhr Hl. Messe<br \/>\n9:30 Uhr Hl. Messe mit anschlie\u00dfender Feier und Kranzniederlegung<br \/>\n14:00 Uhr <strong>Allerseelen-Andacht<\/strong> beider St. Valentiner Pfarren mit Friedhofsgang, Gr\u00e4bersegnung und <strong>Segnung der neu renovierten Friedhofskapelle<\/strong><\/p>\n<p><strong>Sonntag 2. November 2014<\/strong><br \/>\n8:00 Uhr Hl. Messe<br \/>\n9:30 Uhr Hl. Messe<br \/>\n19:00 Uhr <strong>Hl. Messe in der neu renovierten Friedhofskapelle bei Kerzenschein<\/strong><\/p>\n<p><strong>Willkommen!<\/strong> In der Barbarakapelle der Stadtpfarrkirche haben Sie auch die M\u00f6glichkeit eine Kerze f\u00fcr Ihre Verstorbenen anzuz\u00fcnden. Au\u00dferdem weisen wir auf die vielen dort aufliegenden Gebetsfolder hin \u2013 zur freien Entnahme! Viel Segen! <em>Ihre Seelsorger aus St. Valentin<\/em><\/p>\n<p><strong>Auferstehung ist unser Glaube,<\/strong><br \/>\n<strong> Wiedersehen unsere Hoffnung,<\/strong><br \/>\n<strong> Gedenken unsere Liebe.<\/strong><\/p>\n","protected":false},"excerpt":{"rendered":"<p>Samstag 1. November 2014 8:00 Uhr Hl. Messe 9:30 Uhr Hl. Messe mit anschlie\u00dfender Feier und Kranzniederlegung 14:00 Uhr Allerseelen-Andacht beider St. Valentiner Pfarren mit Friedhofsgang, Gr\u00e4bersegnung und Segnung der neu renovierten Friedhofskapelle Sonntag 2.<\/p>\n","protected":false},"author":2,"featured_media":0,"comment_status":"closed","ping_status":"closed","sticky":false,"template":"","format":"standard","meta":[],"categories":[1],"tags":[],"_links":{"self":[{"href":"https:\/\/www.kj-valentin.at\/wp\/wp-json\/wp\/v2\/posts\/5556"}],"collection":[{"href":"https:\/\/www.kj-valentin.at\/wp\/wp-json\/wp\/v2\/posts"}],"about":[{"href":"https:\/\/www.kj-valentin.at\/wp\/wp-json\/wp\/v2\/types\/post"}],"author":[{"embeddable":true,"href":"https:\/\/www.kj-valentin.at\/wp\/wp-json\/wp\/v2\/users\/2"}],"replies":[{"embeddable":true,"href":"https:\/\/www.kj-valentin.at\/wp\/wp-json\/wp\/v2\/comments?post=5556"}],"version-history":[{"count":1,"href":"https:\/\/www.kj-valentin.at\/wp\/wp-json\/wp\/v2\/posts\/5556\/revisions"}],"predecessor-version":[{"id":5558,"href":"https:\/\/www.kj-valentin.at\/wp\/wp-json\/wp\/v2\/posts\/5556\/revisions\/5558"}],"wp:attachment":[{"href":"https:\/\/www.kj-valentin.at\/wp\/wp-json\/wp\/v2\/media?parent=5556"}],"wp:term":[{"taxonomy":"category","embeddable":true,"href":"https:\/\/www.kj-valentin.at\/wp\/wp-json\/wp\/v2\/categories?post=5556"},{"taxonomy":"post_tag","embeddable":true,"href":"https:\/\/www.kj-valentin.at\/wp\/wp-json\/wp\/v2\/tags?post=5556"}],"curies":[{"name":"wp","href":"https:\/\/api.w.org\/{rel}","templated":true}]}}