{"id":5479,"date":"2014-10-12T21:46:58","date_gmt":"2014-10-12T20:46:58","guid":{"rendered":"http:\/\/www.kj-valentin.at\/wp\/?p=5479"},"modified":"2014-10-17T09:19:02","modified_gmt":"2014-10-17T08:19:02","slug":"bewegungsraum-einweihung-des-turnvereines","status":"publish","type":"post","link":"https:\/\/www.kj-valentin.at\/wp\/bewegungsraum-einweihung-des-turnvereines\/","title":{"rendered":"Bewegungsraum-Einweihung des Turnvereines"},"content":{"rendered":"<p><a href=\"http:\/\/www.kj-valentin.at\/wp\/wp-content\/uploads\/2014\/10\/\u00f6tbEinweihung2014.jpg\"><img decoding=\"async\" loading=\"lazy\" class=\"aligncenter wp-image-5480 size-full\" src=\"http:\/\/www.kj-valentin.at\/wp\/wp-content\/uploads\/2014\/10\/\u00f6tbEinweihung2014.jpg\" alt=\"\u00f6tbEinweihung2014\" width=\"960\" height=\"720\" srcset=\"https:\/\/www.kj-valentin.at\/wp\/wp-content\/uploads\/2014\/10\/\u00f6tbEinweihung2014.jpg 960w, https:\/\/www.kj-valentin.at\/wp\/wp-content\/uploads\/2014\/10\/\u00f6tbEinweihung2014-300x225.jpg 300w\" sizes=\"(max-width: 960px) 100vw, 960px\" \/><\/a><br \/>\n(Foto: Turnverein St. Valentin)<br \/>\n<strong>SUCHBILD &#8211; wo ist Manuel?<\/strong> Am 12. Oktober durfte ich nach der 2. Hl. Messe den <strong>neuen Bewegungsraum\/Turnsaal<\/strong> des Allgemeinen-Turnvereines-St. Valentin feierlich segenen! Die ganze &#8218;Turnvereinsfamilie&#8216; um Sissy und Manfred Gansterer waren anwesend. Auch zahlreiche Ehreng\u00e4ste und die ausf\u00fchrenden Firmen konnten begr\u00fc\u00dft und bedankt werden. <em>&#8218;Unser neuer Turnsaal ist erst richtig fertig, wenn er gesegnet ist!&#8216;<\/em>, so das Zitat von Obfrau Sissy Gansterer. Ja, ich bin ganz ihrer Meinung! <strong>Gottes Segen euch allen! Viel Freude! <\/strong><\/p>\n","protected":false},"excerpt":{"rendered":"<p>(Foto: Turnverein St. Valentin) SUCHBILD &#8211; wo ist Manuel? Am 12. Oktober durfte ich nach der 2. Hl. Messe den neuen Bewegungsraum\/Turnsaal des Allgemeinen-Turnvereines-St. Valentin feierlich segenen! Die ganze &#8218;Turnvereinsfamilie&#8216; um Sissy und Manfred Gansterer<\/p>\n","protected":false},"author":2,"featured_media":0,"comment_status":"closed","ping_status":"closed","sticky":false,"template":"","format":"standard","meta":[],"categories":[1],"tags":[],"_links":{"self":[{"href":"https:\/\/www.kj-valentin.at\/wp\/wp-json\/wp\/v2\/posts\/5479"}],"collection":[{"href":"https:\/\/www.kj-valentin.at\/wp\/wp-json\/wp\/v2\/posts"}],"about":[{"href":"https:\/\/www.kj-valentin.at\/wp\/wp-json\/wp\/v2\/types\/post"}],"author":[{"embeddable":true,"href":"https:\/\/www.kj-valentin.at\/wp\/wp-json\/wp\/v2\/users\/2"}],"replies":[{"embeddable":true,"href":"https:\/\/www.kj-valentin.at\/wp\/wp-json\/wp\/v2\/comments?post=5479"}],"version-history":[{"count":1,"href":"https:\/\/www.kj-valentin.at\/wp\/wp-json\/wp\/v2\/posts\/5479\/revisions"}],"predecessor-version":[{"id":5481,"href":"https:\/\/www.kj-valentin.at\/wp\/wp-json\/wp\/v2\/posts\/5479\/revisions\/5481"}],"wp:attachment":[{"href":"https:\/\/www.kj-valentin.at\/wp\/wp-json\/wp\/v2\/media?parent=5479"}],"wp:term":[{"taxonomy":"category","embeddable":true,"href":"https:\/\/www.kj-valentin.at\/wp\/wp-json\/wp\/v2\/categories?post=5479"},{"taxonomy":"post_tag","embeddable":true,"href":"https:\/\/www.kj-valentin.at\/wp\/wp-json\/wp\/v2\/tags?post=5479"}],"curies":[{"name":"wp","href":"https:\/\/api.w.org\/{rel}","templated":true}]}}