{"id":5238,"date":"2014-09-05T17:23:08","date_gmt":"2014-09-05T16:23:08","guid":{"rendered":"http:\/\/www.kj-valentin.at\/wp\/?p=5238"},"modified":"2014-09-05T17:23:08","modified_gmt":"2014-09-05T16:23:08","slug":"singing-valenteenies-starteten-auch-wieder-voll-durch","status":"publish","type":"post","link":"https:\/\/www.kj-valentin.at\/wp\/singing-valenteenies-starteten-auch-wieder-voll-durch\/","title":{"rendered":"Singing Valenteenies starteten auch wieder voll durch!"},"content":{"rendered":"<p><a href=\"http:\/\/www.kj-valentin.at\/wp\/wp-content\/uploads\/2014\/09\/Kinderchorstart2014.jpg\"><img decoding=\"async\" loading=\"lazy\" class=\"alignnone  wp-image-5239\" title=\"Kinderchorstart2014\" src=\"http:\/\/www.kj-valentin.at\/wp\/wp-content\/uploads\/2014\/09\/Kinderchorstart2014.jpg\" alt=\"\" width=\"465\" height=\"350\" \/><\/a><\/p>\n<p>(Kinderchorstart, 5.9.2014)<\/p>\n<p><strong>Von 16-17 Uhr<\/strong> ist bei uns jeden Freitagnachmittag Jungschar-Time und von 17-18 Uhr <strong>Singing-Valenteenies-Probe<\/strong> im Chorraum unseres Pfarrheimes. <strong>Kathi, Andrea und Kerstin<\/strong>, das <em>Leiterdreigestirn<\/em> unseres Kinderchores, freuten sich \u00fcber die vielen neuen und altbew\u00e4hrten<strong> &#8218;Sing-Kids&#8216;<\/strong>! <em>Wir freuen uns schon auf viele sch\u00f6ne Familienmessen mit euch und auf euer gro\u00dfes Chorkonzert n\u00e4chstes Jahr!<\/em><\/p>\n","protected":false},"excerpt":{"rendered":"<p>(Kinderchorstart, 5.9.2014) Von 16-17 Uhr ist bei uns jeden Freitagnachmittag Jungschar-Time und von 17-18 Uhr Singing-Valenteenies-Probe im Chorraum unseres Pfarrheimes. Kathi, Andrea und Kerstin, das Leiterdreigestirn unseres Kinderchores, freuten sich \u00fcber die vielen neuen und<\/p>\n","protected":false},"author":2,"featured_media":0,"comment_status":"open","ping_status":"open","sticky":false,"template":"","format":"standard","meta":[],"categories":[1],"tags":[],"_links":{"self":[{"href":"https:\/\/www.kj-valentin.at\/wp\/wp-json\/wp\/v2\/posts\/5238"}],"collection":[{"href":"https:\/\/www.kj-valentin.at\/wp\/wp-json\/wp\/v2\/posts"}],"about":[{"href":"https:\/\/www.kj-valentin.at\/wp\/wp-json\/wp\/v2\/types\/post"}],"author":[{"embeddable":true,"href":"https:\/\/www.kj-valentin.at\/wp\/wp-json\/wp\/v2\/users\/2"}],"replies":[{"embeddable":true,"href":"https:\/\/www.kj-valentin.at\/wp\/wp-json\/wp\/v2\/comments?post=5238"}],"version-history":[{"count":1,"href":"https:\/\/www.kj-valentin.at\/wp\/wp-json\/wp\/v2\/posts\/5238\/revisions"}],"predecessor-version":[{"id":5240,"href":"https:\/\/www.kj-valentin.at\/wp\/wp-json\/wp\/v2\/posts\/5238\/revisions\/5240"}],"wp:attachment":[{"href":"https:\/\/www.kj-valentin.at\/wp\/wp-json\/wp\/v2\/media?parent=5238"}],"wp:term":[{"taxonomy":"category","embeddable":true,"href":"https:\/\/www.kj-valentin.at\/wp\/wp-json\/wp\/v2\/categories?post=5238"},{"taxonomy":"post_tag","embeddable":true,"href":"https:\/\/www.kj-valentin.at\/wp\/wp-json\/wp\/v2\/tags?post=5238"}],"curies":[{"name":"wp","href":"https:\/\/api.w.org\/{rel}","templated":true}]}}