{"id":5198,"date":"2014-08-09T07:51:47","date_gmt":"2014-08-09T06:51:47","guid":{"rendered":"http:\/\/www.kj-valentin.at\/wp\/?p=5198"},"modified":"2014-08-09T07:51:47","modified_gmt":"2014-08-09T06:51:47","slug":"gottes-wort-ist-wie-licht-in-der-nacht","status":"publish","type":"post","link":"https:\/\/www.kj-valentin.at\/wp\/gottes-wort-ist-wie-licht-in-der-nacht\/","title":{"rendered":"Gottes Wort ist wie Licht in der Nacht &#8230;"},"content":{"rendered":"<p><a href=\"http:\/\/www.kj-valentin.at\/wp\/wp-content\/uploads\/2014\/08\/RMprogrammMani2014.jpg\"><img decoding=\"async\" loading=\"lazy\" class=\"alignnone  wp-image-5199\" title=\"RMprogrammMani2014\" src=\"http:\/\/www.kj-valentin.at\/wp\/wp-content\/uploads\/2014\/08\/RMprogrammMani2014.jpg\" alt=\"\" width=\"465\" height=\"350\" \/><\/a><\/p>\n<p>(Programmheft von Radio Maria Juli-August 2014, Foto: mani)<\/p>\n<p><strong>Am Fest des Hl. Dominikus<\/strong> durfte ich wieder die <strong>Radio-Maria-Sendung<\/strong><em> &#8218;Sprich nur ein Wort&#8216;<\/em> gestalten. Ich h\u00e4tte nie gedacht, dass mein Name einmal auf der selben Seite stehen wird wie der vom ber\u00fchmten Pater Karl Wallner! Bei dieser <strong>Live-Sendung<\/strong> versuchen wir die Bibeltexte des kommenden Sonntags auszulegen, verst\u00e4ndlich zu erkl\u00e4ren und einen Br\u00fcckenschlag in unsere Lebenszeit zu setzen. In wenigen Tagen kann man die Sendung auf der RM-Homepage <strong>unter &#8218;Radiothek&#8216; nachh\u00f6ren.<\/strong><\/p>\n","protected":false},"excerpt":{"rendered":"<p>(Programmheft von Radio Maria Juli-August 2014, Foto: mani) Am Fest des Hl. Dominikus durfte ich wieder die Radio-Maria-Sendung &#8218;Sprich nur ein Wort&#8216; gestalten. Ich h\u00e4tte nie gedacht, dass mein Name einmal auf der selben Seite<\/p>\n","protected":false},"author":2,"featured_media":0,"comment_status":"open","ping_status":"open","sticky":false,"template":"","format":"standard","meta":[],"categories":[1],"tags":[],"_links":{"self":[{"href":"https:\/\/www.kj-valentin.at\/wp\/wp-json\/wp\/v2\/posts\/5198"}],"collection":[{"href":"https:\/\/www.kj-valentin.at\/wp\/wp-json\/wp\/v2\/posts"}],"about":[{"href":"https:\/\/www.kj-valentin.at\/wp\/wp-json\/wp\/v2\/types\/post"}],"author":[{"embeddable":true,"href":"https:\/\/www.kj-valentin.at\/wp\/wp-json\/wp\/v2\/users\/2"}],"replies":[{"embeddable":true,"href":"https:\/\/www.kj-valentin.at\/wp\/wp-json\/wp\/v2\/comments?post=5198"}],"version-history":[{"count":1,"href":"https:\/\/www.kj-valentin.at\/wp\/wp-json\/wp\/v2\/posts\/5198\/revisions"}],"predecessor-version":[{"id":5200,"href":"https:\/\/www.kj-valentin.at\/wp\/wp-json\/wp\/v2\/posts\/5198\/revisions\/5200"}],"wp:attachment":[{"href":"https:\/\/www.kj-valentin.at\/wp\/wp-json\/wp\/v2\/media?parent=5198"}],"wp:term":[{"taxonomy":"category","embeddable":true,"href":"https:\/\/www.kj-valentin.at\/wp\/wp-json\/wp\/v2\/categories?post=5198"},{"taxonomy":"post_tag","embeddable":true,"href":"https:\/\/www.kj-valentin.at\/wp\/wp-json\/wp\/v2\/tags?post=5198"}],"curies":[{"name":"wp","href":"https:\/\/api.w.org\/{rel}","templated":true}]}}