{"id":5085,"date":"2014-06-22T18:11:48","date_gmt":"2014-06-22T17:11:48","guid":{"rendered":"http:\/\/www.kj-valentin.at\/wp\/?p=5085"},"modified":"2014-06-22T18:11:48","modified_gmt":"2014-06-22T17:11:48","slug":"juhu-jungscharlager-fix-fertig-geplant","status":"publish","type":"post","link":"https:\/\/www.kj-valentin.at\/wp\/juhu-jungscharlager-fix-fertig-geplant\/","title":{"rendered":"Juhu! Jungscharlager fix fertig geplant!"},"content":{"rendered":"<p><a href=\"http:\/\/www.kj-valentin.at\/wp\/wp-content\/uploads\/2014\/06\/JSplan1.jpg\"><img decoding=\"async\" loading=\"lazy\" class=\"alignnone  wp-image-5086\" title=\"JSplan1\" src=\"http:\/\/www.kj-valentin.at\/wp\/wp-content\/uploads\/2014\/06\/JSplan1.jpg\" alt=\"\" width=\"465\" height=\"350\" \/><\/a><\/p>\n<p>(JS-Planungsteam, 22.6.2014)<\/p>\n<p><strong>Ein gro\u00dfes &#8218;Dankesch\u00f6n&#8216;<\/strong> an unser 27-k\u00f6pfiges Kreativteam am Jungscharlager-Vorbereitungstag im Pfarrheim! <strong>Unglaublich was 27 Gehirne und einige Laptops<\/strong> auf die F\u00fc\u00dfe stellen k\u00f6nnen &#8211; eine ganz tolle Erlebniswoche f\u00fcr unsere 77 angemeldeten Jungscharlagerkinder! <em>Die Kirche ist jung, fesch, kreativ und aktiv &#8230; ich bin stolz auf Euch!<\/em><\/p>\n","protected":false},"excerpt":{"rendered":"<p>(JS-Planungsteam, 22.6.2014) Ein gro\u00dfes &#8218;Dankesch\u00f6n&#8216; an unser 27-k\u00f6pfiges Kreativteam am Jungscharlager-Vorbereitungstag im Pfarrheim! Unglaublich was 27 Gehirne und einige Laptops auf die F\u00fc\u00dfe stellen k\u00f6nnen &#8211; eine ganz tolle Erlebniswoche f\u00fcr unsere 77 angemeldeten Jungscharlagerkinder!<\/p>\n","protected":false},"author":2,"featured_media":0,"comment_status":"open","ping_status":"open","sticky":false,"template":"","format":"standard","meta":[],"categories":[1],"tags":[],"_links":{"self":[{"href":"https:\/\/www.kj-valentin.at\/wp\/wp-json\/wp\/v2\/posts\/5085"}],"collection":[{"href":"https:\/\/www.kj-valentin.at\/wp\/wp-json\/wp\/v2\/posts"}],"about":[{"href":"https:\/\/www.kj-valentin.at\/wp\/wp-json\/wp\/v2\/types\/post"}],"author":[{"embeddable":true,"href":"https:\/\/www.kj-valentin.at\/wp\/wp-json\/wp\/v2\/users\/2"}],"replies":[{"embeddable":true,"href":"https:\/\/www.kj-valentin.at\/wp\/wp-json\/wp\/v2\/comments?post=5085"}],"version-history":[{"count":1,"href":"https:\/\/www.kj-valentin.at\/wp\/wp-json\/wp\/v2\/posts\/5085\/revisions"}],"predecessor-version":[{"id":5087,"href":"https:\/\/www.kj-valentin.at\/wp\/wp-json\/wp\/v2\/posts\/5085\/revisions\/5087"}],"wp:attachment":[{"href":"https:\/\/www.kj-valentin.at\/wp\/wp-json\/wp\/v2\/media?parent=5085"}],"wp:term":[{"taxonomy":"category","embeddable":true,"href":"https:\/\/www.kj-valentin.at\/wp\/wp-json\/wp\/v2\/categories?post=5085"},{"taxonomy":"post_tag","embeddable":true,"href":"https:\/\/www.kj-valentin.at\/wp\/wp-json\/wp\/v2\/tags?post=5085"}],"curies":[{"name":"wp","href":"https:\/\/api.w.org\/{rel}","templated":true}]}}