{"id":4813,"date":"2014-03-31T11:44:03","date_gmt":"2014-03-31T10:44:03","guid":{"rendered":"http:\/\/www.kj-valentin.at\/wp\/?p=4813"},"modified":"2014-03-31T11:44:03","modified_gmt":"2014-03-31T10:44:03","slug":"herzlich-willkommen-daheim-hr-pfarrer","status":"publish","type":"post","link":"https:\/\/www.kj-valentin.at\/wp\/herzlich-willkommen-daheim-hr-pfarrer\/","title":{"rendered":"Herzlich Willkommen DAHEIM Hr. Pfarrer!"},"content":{"rendered":"<p><a href=\"http:\/\/www.kj-valentin.at\/wp\/wp-content\/uploads\/2014\/03\/Hallo2.jpg\"><img decoding=\"async\" loading=\"lazy\" class=\"alignnone  wp-image-4814\" title=\"Hallo2\" src=\"http:\/\/www.kj-valentin.at\/wp\/wp-content\/uploads\/2014\/03\/Hallo2.jpg\" alt=\"\" width=\"468\" height=\"310\" \/><\/a><\/p>\n<p>(Hr. Pfarrer, Matthias, Tanja und ich, 30.3.2014, Foto: Ch. Schruf)<\/p>\n<p><strong>Laetare-Sonntag = Freuden-Sonntag!<\/strong> Bei uns in St. Valentin war der <strong>&#8218;rosa Sonntag&#8216;<\/strong> (30.3.) ein ganz besonderer Festtag: Unser Hr. Pfarrer feierte wieder mit uns die 1. Sonntagmesse nach seinem REHA-Aufenthalt! Die MinistrantInnen begr\u00fc\u00dften unseren Hrn. Pfarrer mit einem Lied, Ministrant Matthias hielt eine kurze <strong>&#8218;Willkommens-Predigt&#8216;<\/strong> in Reimform und Ministrantin Tanja \u00fcberreichte ein Blumenstr\u00e4u\u00dfchen in Rosa &#8211; <em>passend zur liturgischen Farbe!<\/em><\/p>\n","protected":false},"excerpt":{"rendered":"<p>(Hr. Pfarrer, Matthias, Tanja und ich, 30.3.2014, Foto: Ch. Schruf) Laetare-Sonntag = Freuden-Sonntag! Bei uns in St. Valentin war der &#8218;rosa Sonntag&#8216; (30.3.) ein ganz besonderer Festtag: Unser Hr. Pfarrer feierte wieder mit uns die<\/p>\n","protected":false},"author":2,"featured_media":0,"comment_status":"open","ping_status":"open","sticky":false,"template":"","format":"standard","meta":[],"categories":[1],"tags":[],"_links":{"self":[{"href":"https:\/\/www.kj-valentin.at\/wp\/wp-json\/wp\/v2\/posts\/4813"}],"collection":[{"href":"https:\/\/www.kj-valentin.at\/wp\/wp-json\/wp\/v2\/posts"}],"about":[{"href":"https:\/\/www.kj-valentin.at\/wp\/wp-json\/wp\/v2\/types\/post"}],"author":[{"embeddable":true,"href":"https:\/\/www.kj-valentin.at\/wp\/wp-json\/wp\/v2\/users\/2"}],"replies":[{"embeddable":true,"href":"https:\/\/www.kj-valentin.at\/wp\/wp-json\/wp\/v2\/comments?post=4813"}],"version-history":[{"count":1,"href":"https:\/\/www.kj-valentin.at\/wp\/wp-json\/wp\/v2\/posts\/4813\/revisions"}],"predecessor-version":[{"id":4815,"href":"https:\/\/www.kj-valentin.at\/wp\/wp-json\/wp\/v2\/posts\/4813\/revisions\/4815"}],"wp:attachment":[{"href":"https:\/\/www.kj-valentin.at\/wp\/wp-json\/wp\/v2\/media?parent=4813"}],"wp:term":[{"taxonomy":"category","embeddable":true,"href":"https:\/\/www.kj-valentin.at\/wp\/wp-json\/wp\/v2\/categories?post=4813"},{"taxonomy":"post_tag","embeddable":true,"href":"https:\/\/www.kj-valentin.at\/wp\/wp-json\/wp\/v2\/tags?post=4813"}],"curies":[{"name":"wp","href":"https:\/\/api.w.org\/{rel}","templated":true}]}}