{"id":4465,"date":"2013-12-06T21:00:13","date_gmt":"2013-12-06T20:00:13","guid":{"rendered":"http:\/\/www.kj-valentin.at\/wp\/?p=4465"},"modified":"2013-12-06T21:00:13","modified_gmt":"2013-12-06T20:00:13","slug":"heut-ist-nikolaus-abend-da","status":"publish","type":"post","link":"https:\/\/www.kj-valentin.at\/wp\/heut-ist-nikolaus-abend-da\/","title":{"rendered":"Heut&#8216; ist Nikolaus-Abend da!"},"content":{"rendered":"<p><a href=\"http:\/\/www.kj-valentin.at\/wp\/wp-content\/uploads\/2013\/12\/Nikolausandacht2013.jpg\"><img decoding=\"async\" loading=\"lazy\" class=\"alignnone  wp-image-4466\" title=\"Nikolausandacht2013\" src=\"http:\/\/www.kj-valentin.at\/wp\/wp-content\/uploads\/2013\/12\/Nikolausandacht2013.jpg\" alt=\"\" width=\"432\" height=\"288\" srcset=\"https:\/\/www.kj-valentin.at\/wp\/wp-content\/uploads\/2013\/12\/Nikolausandacht2013.jpg 720w, https:\/\/www.kj-valentin.at\/wp\/wp-content\/uploads\/2013\/12\/Nikolausandacht2013-300x200.jpg 300w\" sizes=\"(max-width: 432px) 100vw, 432px\" \/><\/a><\/p>\n<p>(Nikolaus-Kindergottesdienst am 5.12.2013)<\/p>\n<p><strong>Es geh\u00f6rt wohl zu den H\u00f6hepunkten des Advents<\/strong>, wenn der Heilige Nikolaus als Menschenfreund, unsere Kinder Zuhause oder beim allj\u00e4hrlichen Kindergottesdienst rund um den Nikolaustag besucht! <em>Die leuchtenden Kinderaugen sind jedesmal ber\u00fchrend!<\/em><\/p>\n<p><strong>Ein gro\u00dfes DANKE<\/strong> unseren <strong>6<\/strong> NikolausdarstellerInnen die an <strong>2<\/strong> Tagen (genauer: Abenden)\u00a0 um die <strong>50<\/strong> &#8222;Auftritte&#8220; haben, um die <strong>ca. 150-200<\/strong> Kinder und ihre Familien besuchen. Bei dieser <em>&#8218;Hochrechnung&#8216;<\/em> sind die vielen Kindergarten- und Hortkinder, die wir nat\u00fcrlich auch &#8218;von der Pfarre aus&#8216; besuchen, noch nicht eingerechnet!<\/p>\n<p><strong>Und: Das Bild vom Nikolaus-Kindergottesdienst spricht wohl B\u00e4nde und kommentiere ich nicht extra! <\/strong><em>Heiliger Bischof Nikolaus, bitte f\u00fcr uns alle! Amen.<\/em><\/p>\n","protected":false},"excerpt":{"rendered":"<p>(Nikolaus-Kindergottesdienst am 5.12.2013) Es geh\u00f6rt wohl zu den H\u00f6hepunkten des Advents, wenn der Heilige Nikolaus als Menschenfreund, unsere Kinder Zuhause oder beim allj\u00e4hrlichen Kindergottesdienst rund um den Nikolaustag besucht! Die leuchtenden Kinderaugen sind jedesmal ber\u00fchrend!<\/p>\n","protected":false},"author":2,"featured_media":0,"comment_status":"open","ping_status":"open","sticky":false,"template":"","format":"standard","meta":[],"categories":[1],"tags":[],"_links":{"self":[{"href":"https:\/\/www.kj-valentin.at\/wp\/wp-json\/wp\/v2\/posts\/4465"}],"collection":[{"href":"https:\/\/www.kj-valentin.at\/wp\/wp-json\/wp\/v2\/posts"}],"about":[{"href":"https:\/\/www.kj-valentin.at\/wp\/wp-json\/wp\/v2\/types\/post"}],"author":[{"embeddable":true,"href":"https:\/\/www.kj-valentin.at\/wp\/wp-json\/wp\/v2\/users\/2"}],"replies":[{"embeddable":true,"href":"https:\/\/www.kj-valentin.at\/wp\/wp-json\/wp\/v2\/comments?post=4465"}],"version-history":[{"count":1,"href":"https:\/\/www.kj-valentin.at\/wp\/wp-json\/wp\/v2\/posts\/4465\/revisions"}],"predecessor-version":[{"id":4467,"href":"https:\/\/www.kj-valentin.at\/wp\/wp-json\/wp\/v2\/posts\/4465\/revisions\/4467"}],"wp:attachment":[{"href":"https:\/\/www.kj-valentin.at\/wp\/wp-json\/wp\/v2\/media?parent=4465"}],"wp:term":[{"taxonomy":"category","embeddable":true,"href":"https:\/\/www.kj-valentin.at\/wp\/wp-json\/wp\/v2\/categories?post=4465"},{"taxonomy":"post_tag","embeddable":true,"href":"https:\/\/www.kj-valentin.at\/wp\/wp-json\/wp\/v2\/tags?post=4465"}],"curies":[{"name":"wp","href":"https:\/\/api.w.org\/{rel}","templated":true}]}}