{"id":4387,"date":"2013-11-11T19:43:38","date_gmt":"2013-11-11T18:43:38","guid":{"rendered":"http:\/\/www.kj-valentin.at\/wp\/?p=4387"},"modified":"2013-11-11T19:43:39","modified_gmt":"2013-11-11T18:43:39","slug":"wunderschone-martinsfeste-im-kindergarten","status":"publish","type":"post","link":"https:\/\/www.kj-valentin.at\/wp\/wunderschone-martinsfeste-im-kindergarten\/","title":{"rendered":"wundersch\u00f6ne Martinsfeste im Kindergarten"},"content":{"rendered":"<p><a href=\"http:\/\/www.kj-valentin.at\/wp\/wp-content\/uploads\/2013\/11\/KIGAmartin2013.jpg\"><img decoding=\"async\" loading=\"lazy\" class=\"alignnone  wp-image-4388\" title=\"KIGAmartin2013\" src=\"http:\/\/www.kj-valentin.at\/wp\/wp-content\/uploads\/2013\/11\/KIGAmartin2013.jpg\" alt=\"\" width=\"254\" height=\"169\" \/><\/a><\/p>\n<p>(Kindergarten, Turnsaal am 11.11.2013)<\/p>\n<p><strong>Kleine Menschen<\/strong> die mindestens selber genau so strahlen wie ihre Laternen, kann man rund um den Martinstag in den Kinderg\u00e4rten finden! Unser Kindergarten in St. Valentin legt auch auf <strong>religi\u00f6se Feste<\/strong> einen gro\u00dfen Wert und so werden unser Herr Pfarrer und ich jedes Jahr zum <strong>Martinsfest<\/strong> eingeladen. <em>Wir beten mit den Kindern und segnen die Familien (und Kipferl).<\/em> Sch\u00f6n, dass wir einen so sch\u00f6nen Glauben haben d\u00fcrfen &#8230;<\/p>\n","protected":false},"excerpt":{"rendered":"<p>(Kindergarten, Turnsaal am 11.11.2013) Kleine Menschen die mindestens selber genau so strahlen wie ihre Laternen, kann man rund um den Martinstag in den Kinderg\u00e4rten finden! Unser Kindergarten in St. Valentin legt auch auf religi\u00f6se Feste<\/p>\n","protected":false},"author":2,"featured_media":0,"comment_status":"open","ping_status":"open","sticky":false,"template":"","format":"standard","meta":[],"categories":[1],"tags":[],"_links":{"self":[{"href":"https:\/\/www.kj-valentin.at\/wp\/wp-json\/wp\/v2\/posts\/4387"}],"collection":[{"href":"https:\/\/www.kj-valentin.at\/wp\/wp-json\/wp\/v2\/posts"}],"about":[{"href":"https:\/\/www.kj-valentin.at\/wp\/wp-json\/wp\/v2\/types\/post"}],"author":[{"embeddable":true,"href":"https:\/\/www.kj-valentin.at\/wp\/wp-json\/wp\/v2\/users\/2"}],"replies":[{"embeddable":true,"href":"https:\/\/www.kj-valentin.at\/wp\/wp-json\/wp\/v2\/comments?post=4387"}],"version-history":[{"count":1,"href":"https:\/\/www.kj-valentin.at\/wp\/wp-json\/wp\/v2\/posts\/4387\/revisions"}],"predecessor-version":[{"id":4389,"href":"https:\/\/www.kj-valentin.at\/wp\/wp-json\/wp\/v2\/posts\/4387\/revisions\/4389"}],"wp:attachment":[{"href":"https:\/\/www.kj-valentin.at\/wp\/wp-json\/wp\/v2\/media?parent=4387"}],"wp:term":[{"taxonomy":"category","embeddable":true,"href":"https:\/\/www.kj-valentin.at\/wp\/wp-json\/wp\/v2\/categories?post=4387"},{"taxonomy":"post_tag","embeddable":true,"href":"https:\/\/www.kj-valentin.at\/wp\/wp-json\/wp\/v2\/tags?post=4387"}],"curies":[{"name":"wp","href":"https:\/\/api.w.org\/{rel}","templated":true}]}}