{"id":4161,"date":"2013-07-21T08:40:43","date_gmt":"2013-07-21T07:40:43","guid":{"rendered":"http:\/\/www.kj-valentin.at\/wp\/?p=4161"},"modified":"2013-07-21T08:40:43","modified_gmt":"2013-07-21T07:40:43","slug":"weltjugendtag-mit-papst-franziskus-in-rio","status":"publish","type":"post","link":"https:\/\/www.kj-valentin.at\/wp\/weltjugendtag-mit-papst-franziskus-in-rio\/","title":{"rendered":"WeltJUGENDtag mit Papst Franziskus in Rio"},"content":{"rendered":"<p><a href=\"http:\/\/www.kj-valentin.at\/wp\/wp-content\/uploads\/2013\/07\/rio.jpg\"><img decoding=\"async\" loading=\"lazy\" class=\"alignnone size-full wp-image-4162\" title=\"rio\" src=\"http:\/\/www.kj-valentin.at\/wp\/wp-content\/uploads\/2013\/07\/rio.jpg\" alt=\"\" width=\"298\" height=\"169\" \/><\/a><\/p>\n<p>(Offizielles Logo des Weltjugendtages 2013)<\/p>\n<p><strong>Wir w\u00fcnschen allen WJT-PilgerInnen<\/strong> eine wundersch\u00f6ne und religi\u00f6s-pr\u00e4gende Woche mit vielen hundertausenden jungen Christen und unserem neuen Papst Franziskus. &#8222;Wir&#8220; aus Valentin sind nicht dabei, <strong>verfolgen aber alles via Livestream u. Radio!<\/strong><\/p>\n<p><strong>Hier die <a href=\"http:\/\/www.weltjugendtag.at\">Homepage des WJT2013<\/a><\/strong><\/p>\n","protected":false},"excerpt":{"rendered":"<p>(Offizielles Logo des Weltjugendtages 2013) Wir w\u00fcnschen allen WJT-PilgerInnen eine wundersch\u00f6ne und religi\u00f6s-pr\u00e4gende Woche mit vielen hundertausenden jungen Christen und unserem neuen Papst Franziskus. &#8222;Wir&#8220; aus Valentin sind nicht dabei, verfolgen aber alles via Livestream<\/p>\n","protected":false},"author":2,"featured_media":0,"comment_status":"open","ping_status":"open","sticky":false,"template":"","format":"standard","meta":[],"categories":[1],"tags":[],"_links":{"self":[{"href":"https:\/\/www.kj-valentin.at\/wp\/wp-json\/wp\/v2\/posts\/4161"}],"collection":[{"href":"https:\/\/www.kj-valentin.at\/wp\/wp-json\/wp\/v2\/posts"}],"about":[{"href":"https:\/\/www.kj-valentin.at\/wp\/wp-json\/wp\/v2\/types\/post"}],"author":[{"embeddable":true,"href":"https:\/\/www.kj-valentin.at\/wp\/wp-json\/wp\/v2\/users\/2"}],"replies":[{"embeddable":true,"href":"https:\/\/www.kj-valentin.at\/wp\/wp-json\/wp\/v2\/comments?post=4161"}],"version-history":[{"count":1,"href":"https:\/\/www.kj-valentin.at\/wp\/wp-json\/wp\/v2\/posts\/4161\/revisions"}],"predecessor-version":[{"id":4163,"href":"https:\/\/www.kj-valentin.at\/wp\/wp-json\/wp\/v2\/posts\/4161\/revisions\/4163"}],"wp:attachment":[{"href":"https:\/\/www.kj-valentin.at\/wp\/wp-json\/wp\/v2\/media?parent=4161"}],"wp:term":[{"taxonomy":"category","embeddable":true,"href":"https:\/\/www.kj-valentin.at\/wp\/wp-json\/wp\/v2\/categories?post=4161"},{"taxonomy":"post_tag","embeddable":true,"href":"https:\/\/www.kj-valentin.at\/wp\/wp-json\/wp\/v2\/tags?post=4161"}],"curies":[{"name":"wp","href":"https:\/\/api.w.org\/{rel}","templated":true}]}}