{"id":3833,"date":"2013-03-02T11:57:37","date_gmt":"2013-03-02T10:57:37","guid":{"rendered":"http:\/\/www.kj-valentin.at\/wp\/?p=3833"},"modified":"2013-03-02T11:57:37","modified_gmt":"2013-03-02T10:57:37","slug":"in-der-barbarakapelle-sagt-gott-ich-bin-da-fur-dich","status":"publish","type":"post","link":"https:\/\/www.kj-valentin.at\/wp\/in-der-barbarakapelle-sagt-gott-ich-bin-da-fur-dich\/","title":{"rendered":"In der Barbarakapelle sagt Gott: ICH BIN DA f\u00fcr dich!"},"content":{"rendered":"<p><a href=\"http:\/\/www.kj-valentin.at\/wp\/wp-content\/uploads\/2013\/03\/Barbara-Kapelle2013.jpg\"><img decoding=\"async\" loading=\"lazy\" class=\"alignnone  wp-image-3834\" title=\"Barbara-Kapelle2013\" src=\"http:\/\/www.kj-valentin.at\/wp\/wp-content\/uploads\/2013\/03\/Barbara-Kapelle2013.jpg\" alt=\"\" width=\"254\" height=\"169\" \/><\/a><\/p>\n<p>(Sakraments-Altar in der Barbarakapelle, 2.3.2013)<\/p>\n<p><strong>Diese wunderbare Aufnahme<\/strong> konnte ich heute in unserer wundersch\u00f6nen Barbarakapelle machen! Jesus ist anwesend im <em>Heiligsten Altarsakrament<\/em>, in der Hostie. Die M\u00e4rz-Sonnenstrahlen leuchteten <strong>&#8222;IHN&#8220;<\/strong> regelrecht an! Sch\u00f6n oder?<\/p>\n<p><strong>Ich lade alle ein<\/strong>, sich besonders wieder in der Fastenzeit mehr Zeit f\u00fcr das pers\u00f6nliche stille Gebet zu nehmen. Ein wunderbarer Gebetsort ist unsere Barbarakapelle in der Stadtpfarrkirche. <strong>Schauen wir IHN an,<\/strong> er schaut immer voll Liebe auf UNS!<\/p>\n","protected":false},"excerpt":{"rendered":"<p>(Sakraments-Altar in der Barbarakapelle, 2.3.2013) Diese wunderbare Aufnahme konnte ich heute in unserer wundersch\u00f6nen Barbarakapelle machen! Jesus ist anwesend im Heiligsten Altarsakrament, in der Hostie. Die M\u00e4rz-Sonnenstrahlen leuchteten &#8222;IHN&#8220; regelrecht an! Sch\u00f6n oder? Ich lade<\/p>\n","protected":false},"author":2,"featured_media":0,"comment_status":"open","ping_status":"open","sticky":false,"template":"","format":"standard","meta":[],"categories":[1],"tags":[],"_links":{"self":[{"href":"https:\/\/www.kj-valentin.at\/wp\/wp-json\/wp\/v2\/posts\/3833"}],"collection":[{"href":"https:\/\/www.kj-valentin.at\/wp\/wp-json\/wp\/v2\/posts"}],"about":[{"href":"https:\/\/www.kj-valentin.at\/wp\/wp-json\/wp\/v2\/types\/post"}],"author":[{"embeddable":true,"href":"https:\/\/www.kj-valentin.at\/wp\/wp-json\/wp\/v2\/users\/2"}],"replies":[{"embeddable":true,"href":"https:\/\/www.kj-valentin.at\/wp\/wp-json\/wp\/v2\/comments?post=3833"}],"version-history":[{"count":1,"href":"https:\/\/www.kj-valentin.at\/wp\/wp-json\/wp\/v2\/posts\/3833\/revisions"}],"predecessor-version":[{"id":3835,"href":"https:\/\/www.kj-valentin.at\/wp\/wp-json\/wp\/v2\/posts\/3833\/revisions\/3835"}],"wp:attachment":[{"href":"https:\/\/www.kj-valentin.at\/wp\/wp-json\/wp\/v2\/media?parent=3833"}],"wp:term":[{"taxonomy":"category","embeddable":true,"href":"https:\/\/www.kj-valentin.at\/wp\/wp-json\/wp\/v2\/categories?post=3833"},{"taxonomy":"post_tag","embeddable":true,"href":"https:\/\/www.kj-valentin.at\/wp\/wp-json\/wp\/v2\/tags?post=3833"}],"curies":[{"name":"wp","href":"https:\/\/api.w.org\/{rel}","templated":true}]}}