{"id":3796,"date":"2013-02-13T12:28:21","date_gmt":"2013-02-13T11:28:21","guid":{"rendered":"http:\/\/www.kj-valentin.at\/wp\/?p=3796"},"modified":"2013-02-13T12:29:29","modified_gmt":"2013-02-13T11:29:29","slug":"aschenkreuzfeier-mit-kindern","status":"publish","type":"post","link":"https:\/\/www.kj-valentin.at\/wp\/aschenkreuzfeier-mit-kindern\/","title":{"rendered":"Aschenkreuzfeier mit Kindern"},"content":{"rendered":"<p><a href=\"http:\/\/www.kj-valentin.at\/wp\/wp-content\/uploads\/2013\/02\/Aschenkreuz2013.jpg\"><img decoding=\"async\" loading=\"lazy\" class=\"alignnone  wp-image-3797\" title=\"Aschenkreuz2013\" src=\"http:\/\/www.kj-valentin.at\/wp\/wp-content\/uploads\/2013\/02\/Aschenkreuz2013.jpg\" alt=\"\" width=\"254\" height=\"169\" \/><\/a><\/p>\n<p>(Aschenkreuzfeier im Kindergarten, 13.2.2013)<\/p>\n<p><strong>Der Aschermittwoch<\/strong> ist auch im Kindergarten ein echter <strong>Feiertag!<\/strong> Es gibt Butterbrote und eine ganz feierliche <strong>Aschenkreuzerl-Feier<\/strong> mit den Kindern und P\u00e4dagoginnen. <strong>Kinder lieben Segnungen!<\/strong> Wir Gro\u00dfen k\u00f6nn(t)en uns an ihnen ein Vorbild nehmen &#8211; <strong>auch im Glauben an Jesus.<\/strong><\/p>\n<p>&nbsp;<\/p>\n","protected":false},"excerpt":{"rendered":"<p>(Aschenkreuzfeier im Kindergarten, 13.2.2013) Der Aschermittwoch ist auch im Kindergarten ein echter Feiertag! Es gibt Butterbrote und eine ganz feierliche Aschenkreuzerl-Feier mit den Kindern und P\u00e4dagoginnen. Kinder lieben Segnungen! Wir Gro\u00dfen k\u00f6nn(t)en uns an ihnen<\/p>\n","protected":false},"author":2,"featured_media":0,"comment_status":"open","ping_status":"open","sticky":false,"template":"","format":"standard","meta":[],"categories":[1],"tags":[],"_links":{"self":[{"href":"https:\/\/www.kj-valentin.at\/wp\/wp-json\/wp\/v2\/posts\/3796"}],"collection":[{"href":"https:\/\/www.kj-valentin.at\/wp\/wp-json\/wp\/v2\/posts"}],"about":[{"href":"https:\/\/www.kj-valentin.at\/wp\/wp-json\/wp\/v2\/types\/post"}],"author":[{"embeddable":true,"href":"https:\/\/www.kj-valentin.at\/wp\/wp-json\/wp\/v2\/users\/2"}],"replies":[{"embeddable":true,"href":"https:\/\/www.kj-valentin.at\/wp\/wp-json\/wp\/v2\/comments?post=3796"}],"version-history":[{"count":2,"href":"https:\/\/www.kj-valentin.at\/wp\/wp-json\/wp\/v2\/posts\/3796\/revisions"}],"predecessor-version":[{"id":3800,"href":"https:\/\/www.kj-valentin.at\/wp\/wp-json\/wp\/v2\/posts\/3796\/revisions\/3800"}],"wp:attachment":[{"href":"https:\/\/www.kj-valentin.at\/wp\/wp-json\/wp\/v2\/media?parent=3796"}],"wp:term":[{"taxonomy":"category","embeddable":true,"href":"https:\/\/www.kj-valentin.at\/wp\/wp-json\/wp\/v2\/categories?post=3796"},{"taxonomy":"post_tag","embeddable":true,"href":"https:\/\/www.kj-valentin.at\/wp\/wp-json\/wp\/v2\/tags?post=3796"}],"curies":[{"name":"wp","href":"https:\/\/api.w.org\/{rel}","templated":true}]}}