{"id":3684,"date":"2012-12-23T01:07:31","date_gmt":"2012-12-23T00:07:31","guid":{"rendered":"http:\/\/www.kj-valentin.at\/wp\/?p=3684"},"modified":"2012-12-23T01:07:31","modified_gmt":"2012-12-23T00:07:31","slug":"bin-uber-die-pfarrgrenzen-hinaus-auch-aktiv","status":"publish","type":"post","link":"https:\/\/www.kj-valentin.at\/wp\/bin-uber-die-pfarrgrenzen-hinaus-auch-aktiv\/","title":{"rendered":"&#8230; bin \u00fcber die &#8222;Pfarrgrenzen&#8220; hinaus auch aktiv &#8230;"},"content":{"rendered":"<p><a href=\"http:\/\/www.kj-valentin.at\/wp\/wp-content\/uploads\/2012\/12\/LJWfeier2012.jpg\"><img decoding=\"async\" loading=\"lazy\" class=\"alignnone  wp-image-3685\" title=\"LJWfeier2012\" src=\"http:\/\/www.kj-valentin.at\/wp\/wp-content\/uploads\/2012\/12\/LJWfeier2012.jpg\" alt=\"\" width=\"254\" height=\"169\" \/><\/a><\/p>\n<p>(Fackelstimmung bei der Landjugend in Egg bei Strengberg am 22.12.2012)<\/p>\n<p><strong>Wie oft h\u00f6re ich<\/strong> besonders von \u00e4lteren Menschen, dass die Jugend nicht mehr religi\u00f6s sei. Ich kann dieses Vorurteil nicht best\u00e4tigen. Die Zeiten haben sich ge\u00e4ndert, die <strong>&#8222;Kirchlichkeit&#8220;<\/strong> der vor allem jungen Leute hat sich ver\u00e4ndert, aber nicht ihre Suche nach Sinn.<\/p>\n<p><strong>Heuer war ich<\/strong> bei mehreren Landjugend-Weihnachtsfeiern eingeladen, auch \u00fcber unsere &#8222;Pfarrgrenzen&#8220; hinaus. Es spricht sich halt herum. Am 22. durfte ich der LJ von Strengberg ein paar besinnliche Worte und Gebete schenken. Die Herzen sind offen!<\/p>\n<p><strong>Ein gro\u00dfes Danke<\/strong> den jungen Blechbl\u00e4sern von Strengberg f\u00fcr ihre musikalische Mitgestaltung. Wir als &#8222;Kirche&#8220; m\u00fcssen jede Chance n\u00fctzen die uns &#8222;geschenkt&#8220; wird, ich habe mich noch nirgends aufgedr\u00e4ngt, \u00fcberall wurde ich herzlichst eingeladen!<\/p>\n","protected":false},"excerpt":{"rendered":"<p>(Fackelstimmung bei der Landjugend in Egg bei Strengberg am 22.12.2012) Wie oft h\u00f6re ich besonders von \u00e4lteren Menschen, dass die Jugend nicht mehr religi\u00f6s sei. Ich kann dieses Vorurteil nicht best\u00e4tigen. Die Zeiten haben sich<\/p>\n","protected":false},"author":2,"featured_media":0,"comment_status":"open","ping_status":"open","sticky":false,"template":"","format":"standard","meta":[],"categories":[1],"tags":[],"_links":{"self":[{"href":"https:\/\/www.kj-valentin.at\/wp\/wp-json\/wp\/v2\/posts\/3684"}],"collection":[{"href":"https:\/\/www.kj-valentin.at\/wp\/wp-json\/wp\/v2\/posts"}],"about":[{"href":"https:\/\/www.kj-valentin.at\/wp\/wp-json\/wp\/v2\/types\/post"}],"author":[{"embeddable":true,"href":"https:\/\/www.kj-valentin.at\/wp\/wp-json\/wp\/v2\/users\/2"}],"replies":[{"embeddable":true,"href":"https:\/\/www.kj-valentin.at\/wp\/wp-json\/wp\/v2\/comments?post=3684"}],"version-history":[{"count":1,"href":"https:\/\/www.kj-valentin.at\/wp\/wp-json\/wp\/v2\/posts\/3684\/revisions"}],"predecessor-version":[{"id":3686,"href":"https:\/\/www.kj-valentin.at\/wp\/wp-json\/wp\/v2\/posts\/3684\/revisions\/3686"}],"wp:attachment":[{"href":"https:\/\/www.kj-valentin.at\/wp\/wp-json\/wp\/v2\/media?parent=3684"}],"wp:term":[{"taxonomy":"category","embeddable":true,"href":"https:\/\/www.kj-valentin.at\/wp\/wp-json\/wp\/v2\/categories?post=3684"},{"taxonomy":"post_tag","embeddable":true,"href":"https:\/\/www.kj-valentin.at\/wp\/wp-json\/wp\/v2\/tags?post=3684"}],"curies":[{"name":"wp","href":"https:\/\/api.w.org\/{rel}","templated":true}]}}