{"id":12997,"date":"2020-12-24T13:27:50","date_gmt":"2020-12-24T12:27:50","guid":{"rendered":"https:\/\/www.kj-valentin.at\/wp\/?p=12997"},"modified":"2020-12-24T13:27:52","modified_gmt":"2020-12-24T12:27:52","slug":"feiertagszeilen-zum-christtag","status":"publish","type":"post","link":"https:\/\/www.kj-valentin.at\/wp\/feiertagszeilen-zum-christtag\/","title":{"rendered":"Feiertagszeilen zum Christtag"},"content":{"rendered":"\n<p>Vor einigen Tagen habe ich folgende <strong>WhatsApp-Nachricht <\/strong>bekommen:<\/p>\n\n\n\n<blockquote class=\"wp-block-quote\"><p>Weihnachten f\u00e4llt dieses Jahr aus, weil:<\/p><p>Die Heiligen 3 K\u00f6nige haben Einreiseverbot.<\/p><p>Die Hirten sind in Kurzarbeit und Homeoffice.<\/p><p>Maria und Josef haben sich an die Ausgangssperre zu halten.<\/p><p>Der Stallbesitzer hat Beherbergungsverbot.<\/p><p>Zu viele Engel w\u00fcrden gegen die 2 Haushalte-Regel versto\u00dfen.<\/p><p>Der Ochse weigert sich einen Maul-Nasenschutz zu tragen.<\/p><p>Und der Esel mit seinem dauernden \u201eI-ah\u201c, der sollte sich schleunigst in Quarant\u00e4ne begeben und sich testen lassen.<\/p><\/blockquote>\n\n\n\n<p>Spa\u00df beiseite! Ich habe euch heute <strong>meine Weihnachtspost mitgebracht<\/strong>, ich habe heuer interessanter weise mehr Post bekommen, als in den letzten Jahren! Ich glaube, dass <strong>diese Zeiten in den wir leben und alle ver-\u00e4ndern!<\/strong> Ein Weihnachtsbilett geht mir seit Tagen nicht mehr aus dem Kopf, darin stand als \u00dcberschrift: <strong><u>\u201eWas bleibt zu 2020 noch zu sagen?\u201c<\/u><\/strong><\/p>\n\n\n\n<p>Eine gute Frage! Niemand von uns hat je zuvor solche Zeiten und Umst\u00e4nde erlebt, wie sie uns gerade ALLE herausfordern. Die ganze Welt! Ja und vielen hat es auch die Sprache verschlagen \u2026 <strong>Und ich denke mir, was will Gott uns heute sagen? <\/strong>Mit diesem Fest, dass nicht ausfallen darf und kann \u2013 und auch nicht ausf\u00e4llt, wir feiern es gerade hier in der Kirche! Was will Gott uns sagen mit diesem kleinen Kind namens Jesus in der Krippe, dass wir alle betrachten, dieses Kind, dass uns seine kleine Arme entgegenstreckt? <strong>Das gr\u00f6\u00dfte Problem unserer Zeit, so habe ich es von einem Professor geh\u00f6rt, ist die Angst! <\/strong>Die Angst macht uns Krank! Und Angst, wer kennt sie nicht \u2013 vielf\u00e4ltig gestaltet sich die Angst. Angst engt uns ein, engt unseren Blick, engt unsere Gedanken ein, engt unser Herz ein \u2026 Der <strong>Prophet Jesaja<\/strong>, 600 Jahre vor Jesus, sagt uns diesen Erl\u00f6ser schon voraus! Gott der HERR wird sein Volk tr\u00f6sten und erl\u00f6sen! F\u00fcr mich hei\u00dft das: Gott befreit sein Volk, uns alle von der \u201eLebensangst\u201c! Und der Verfasser des <strong>Hebr\u00e4erbriefes <\/strong>l\u00e4sst schon \u00e4hnliche Worte anklingen, wie wir sie im <strong>Weihnachtsevangelium<\/strong> nach Johannes geh\u00f6rt haben: Gottes machtvolles Wort hat den Menschen Erl\u00f6sung gebracht. So kurz, klar und knapp lassen sich die Lesungen des heutigen Festtages zusammenfassen.<\/p>\n\n\n\n<p><strong>Was bleibt zu 2020 noch zu sagen?<\/strong> Ja, was will Gott uns sagen mit dieser Heiligen Nacht, mit diesem Weihnachtsfest im weltweiten Corona-Jahr 2020?<\/p>\n\n\n\n<p><strong>Karl Rahner, <\/strong>der gro\u00dfe Theologe und Priester bringt es auf den Punkt, wenn er schreibt:<\/p>\n\n\n\n<blockquote class=\"wp-block-quote\"><p><strong>Gott hat sein letztes, tiefstes, sch\u00f6nstes Wort<\/strong><\/p><p><strong>im fleischgewordenen Wort in unsere Welt gesagt.<\/strong><\/p><p><strong>Und dieses Wort hei\u00dft: Ich liebe dich, du Welt, du Mensch.<\/strong><\/p><p><strong>Ich bin da: Ich bin bei Dir. Ich bin dein Leben. Ich bin deine Zeit.<\/strong><\/p><p><strong>Ich weine deine Tr\u00e4nen Ich bin deine Freude.<\/strong><\/p><p><strong>F\u00fcrchte dich nicht.<\/strong><\/p><p><strong>Wo du nicht weiter wei\u00dft, bin Ich bei dir.<\/strong><\/p><p><strong>Ich bin in deiner Angst, denn Ich habe sie mitgelitten.<\/strong><\/p><p><strong>Ich bin in deiner Not und in deinem Tod, denn heute begann Ich mit dir zu leben und zu sterben. Ich bin in deinem Leben und ich verspreche Dir:<\/strong><\/p><p><strong>Dein Ziel hei\u00dft Leben.<\/strong><\/p><\/blockquote>\n\n\n\n<p><strong>Muss Gott noch mehr sagen? Haben wir es geh\u00f6rt, wollen wir es h\u00f6ren?<\/strong><\/p>\n\n\n\n<p>Weihnachten darf nie ausfallen, weil es um unser Leben geht!<\/p>\n\n\n\n<figure class=\"wp-block-image size-large\"><img decoding=\"async\" loading=\"lazy\" width=\"1024\" height=\"682\" src=\"https:\/\/www.kj-valentin.at\/wp\/wp-content\/uploads\/2020\/12\/EvangeliumHaendeManuel-1024x682.jpg\" alt=\"\" class=\"wp-image-12998\" srcset=\"https:\/\/www.kj-valentin.at\/wp\/wp-content\/uploads\/2020\/12\/EvangeliumHaendeManuel-1024x682.jpg 1024w, https:\/\/www.kj-valentin.at\/wp\/wp-content\/uploads\/2020\/12\/EvangeliumHaendeManuel-300x200.jpg 300w, https:\/\/www.kj-valentin.at\/wp\/wp-content\/uploads\/2020\/12\/EvangeliumHaendeManuel-768x512.jpg 768w, https:\/\/www.kj-valentin.at\/wp\/wp-content\/uploads\/2020\/12\/EvangeliumHaendeManuel-1536x1024.jpg 1536w, https:\/\/www.kj-valentin.at\/wp\/wp-content\/uploads\/2020\/12\/EvangeliumHaendeManuel.jpg 1757w\" sizes=\"(max-width: 1024px) 100vw, 1024px\" \/><figcaption>Foto: Hanspeter Lechner, 2020<\/figcaption><\/figure>\n","protected":false},"excerpt":{"rendered":"<p>Vor einigen Tagen habe ich folgende WhatsApp-Nachricht bekommen: Weihnachten f\u00e4llt dieses Jahr aus, weil: Die Heiligen 3 K\u00f6nige haben Einreiseverbot. Die Hirten sind in Kurzarbeit und Homeoffice. Maria und Josef haben sich an die Ausgangssperre<\/p>\n","protected":false},"author":2,"featured_media":12998,"comment_status":"closed","ping_status":"closed","sticky":false,"template":"","format":"standard","meta":[],"categories":[2],"tags":[],"_links":{"self":[{"href":"https:\/\/www.kj-valentin.at\/wp\/wp-json\/wp\/v2\/posts\/12997"}],"collection":[{"href":"https:\/\/www.kj-valentin.at\/wp\/wp-json\/wp\/v2\/posts"}],"about":[{"href":"https:\/\/www.kj-valentin.at\/wp\/wp-json\/wp\/v2\/types\/post"}],"author":[{"embeddable":true,"href":"https:\/\/www.kj-valentin.at\/wp\/wp-json\/wp\/v2\/users\/2"}],"replies":[{"embeddable":true,"href":"https:\/\/www.kj-valentin.at\/wp\/wp-json\/wp\/v2\/comments?post=12997"}],"version-history":[{"count":1,"href":"https:\/\/www.kj-valentin.at\/wp\/wp-json\/wp\/v2\/posts\/12997\/revisions"}],"predecessor-version":[{"id":12999,"href":"https:\/\/www.kj-valentin.at\/wp\/wp-json\/wp\/v2\/posts\/12997\/revisions\/12999"}],"wp:featuredmedia":[{"embeddable":true,"href":"https:\/\/www.kj-valentin.at\/wp\/wp-json\/wp\/v2\/media\/12998"}],"wp:attachment":[{"href":"https:\/\/www.kj-valentin.at\/wp\/wp-json\/wp\/v2\/media?parent=12997"}],"wp:term":[{"taxonomy":"category","embeddable":true,"href":"https:\/\/www.kj-valentin.at\/wp\/wp-json\/wp\/v2\/categories?post=12997"},{"taxonomy":"post_tag","embeddable":true,"href":"https:\/\/www.kj-valentin.at\/wp\/wp-json\/wp\/v2\/tags?post=12997"}],"curies":[{"name":"wp","href":"https:\/\/api.w.org\/{rel}","templated":true}]}}