{"id":12653,"date":"2020-04-15T20:03:25","date_gmt":"2020-04-15T19:03:25","guid":{"rendered":"https:\/\/www.kj-valentin.at\/wp\/?p=12653"},"modified":"2020-04-15T20:03:27","modified_gmt":"2020-04-15T19:03:27","slug":"leider-jungscharlager-abgesagt","status":"publish","type":"post","link":"https:\/\/www.kj-valentin.at\/wp\/leider-jungscharlager-abgesagt\/","title":{"rendered":"Leider: Jungscharlager abgesagt!"},"content":{"rendered":"\n<p>Liebe Familien! Liebe Kinder und Jugendlichen unserer Pfarre! Liebes Jungschar-Team! Liebe Mitverantwortliche in der pfarrlichen Kinder- und Jugendseelsorge! <strong>Die &#8222;Vorzeichen&#8220; haben mich als Jungscharlager-Leiter und Hauptverantwortlichen veranlasst, unser diesj\u00e4hriges Pfarr-Jungscharlager im Sommer 2020 ersatzlos abzusagen!<\/strong> Ich habe mir die Entscheidung nicht leicht gemacht, habe mehrere \u00c4rzte und Mediziner angerufen um mir Expertisen\/Meinungen\/Einsch\u00e4tzungen einzuholen. Alle sind derselben Meinung, es ist gut auch als Pr\u00e4vention, das Jungschar-Sommerlager 2020 im Schacherhof abzusagen. <strong>Ich bitte um Verst\u00e4ndnis und Kenntnisnahme! <\/strong>Umso mehr d\u00fcrfen wir uns auf das Jungscharlager im Sommer 2021 freuen! Von <strong>18.-23. Juli 2021<\/strong> ist f\u00fcr uns der Schacherhof wieder reserviert. Das Motto der Jungschar lautet, gem\u00e4\u00df dem Wort Jesu: <strong>&#8222;Wir stellen die Kinder in die Mitte!&#8220;.<\/strong> Auch zum Schutz der Kinder, Jugendlichen, ihrer Familien, Eltern und vor allem der Gro\u00dfeltern <em>&#8222;verzichten&#8220; <\/em>wir heuer auf unsere Jungscharlagerwoche! Liebe Gr\u00fc\u00dfe, euer Diakon Manuel Sattelberger &#8211; <em>Lagerleiter der Pfarre St. Valentin seit 15 Jahren<\/em><\/p>\n\n\n\n<figure class=\"wp-block-image size-large\"><img decoding=\"async\" loading=\"lazy\" width=\"1024\" height=\"606\" src=\"https:\/\/www.kj-valentin.at\/wp\/wp-content\/uploads\/2020\/04\/JSlagerAbsagen2020.jpg\" alt=\"\" class=\"wp-image-12654\" srcset=\"https:\/\/www.kj-valentin.at\/wp\/wp-content\/uploads\/2020\/04\/JSlagerAbsagen2020.jpg 1024w, https:\/\/www.kj-valentin.at\/wp\/wp-content\/uploads\/2020\/04\/JSlagerAbsagen2020-300x178.jpg 300w, https:\/\/www.kj-valentin.at\/wp\/wp-content\/uploads\/2020\/04\/JSlagerAbsagen2020-768x455.jpg 768w\" sizes=\"(max-width: 1024px) 100vw, 1024px\" \/><\/figure>\n","protected":false},"excerpt":{"rendered":"<p>Liebe Familien! Liebe Kinder und Jugendlichen unserer Pfarre! Liebes Jungschar-Team! Liebe Mitverantwortliche in der pfarrlichen Kinder- und Jugendseelsorge! Die &#8222;Vorzeichen&#8220; haben mich als Jungscharlager-Leiter und Hauptverantwortlichen veranlasst, unser diesj\u00e4hriges Pfarr-Jungscharlager im Sommer 2020 ersatzlos abzusagen!<\/p>\n","protected":false},"author":2,"featured_media":12654,"comment_status":"closed","ping_status":"closed","sticky":false,"template":"","format":"standard","meta":[],"categories":[2],"tags":[],"_links":{"self":[{"href":"https:\/\/www.kj-valentin.at\/wp\/wp-json\/wp\/v2\/posts\/12653"}],"collection":[{"href":"https:\/\/www.kj-valentin.at\/wp\/wp-json\/wp\/v2\/posts"}],"about":[{"href":"https:\/\/www.kj-valentin.at\/wp\/wp-json\/wp\/v2\/types\/post"}],"author":[{"embeddable":true,"href":"https:\/\/www.kj-valentin.at\/wp\/wp-json\/wp\/v2\/users\/2"}],"replies":[{"embeddable":true,"href":"https:\/\/www.kj-valentin.at\/wp\/wp-json\/wp\/v2\/comments?post=12653"}],"version-history":[{"count":1,"href":"https:\/\/www.kj-valentin.at\/wp\/wp-json\/wp\/v2\/posts\/12653\/revisions"}],"predecessor-version":[{"id":12655,"href":"https:\/\/www.kj-valentin.at\/wp\/wp-json\/wp\/v2\/posts\/12653\/revisions\/12655"}],"wp:featuredmedia":[{"embeddable":true,"href":"https:\/\/www.kj-valentin.at\/wp\/wp-json\/wp\/v2\/media\/12654"}],"wp:attachment":[{"href":"https:\/\/www.kj-valentin.at\/wp\/wp-json\/wp\/v2\/media?parent=12653"}],"wp:term":[{"taxonomy":"category","embeddable":true,"href":"https:\/\/www.kj-valentin.at\/wp\/wp-json\/wp\/v2\/categories?post=12653"},{"taxonomy":"post_tag","embeddable":true,"href":"https:\/\/www.kj-valentin.at\/wp\/wp-json\/wp\/v2\/tags?post=12653"}],"curies":[{"name":"wp","href":"https:\/\/api.w.org\/{rel}","templated":true}]}}