{"id":12590,"date":"2020-04-07T09:46:23","date_gmt":"2020-04-07T08:46:23","guid":{"rendered":"https:\/\/www.kj-valentin.at\/wp\/?p=12590"},"modified":"2020-04-07T09:46:27","modified_gmt":"2020-04-07T08:46:27","slug":"was-mir-die-absagen-deutlich-machen","status":"publish","type":"post","link":"https:\/\/www.kj-valentin.at\/wp\/was-mir-die-absagen-deutlich-machen\/","title":{"rendered":"Was mir die Absagen deutlich machen &#8230;"},"content":{"rendered":"\n<p><em>Bis Ende Juni keine Veranstaltungen<\/em>, so lautet der Weg unserer Bundesregierung! Wir gehen ihn als Pfarre selbstverst\u00e4ndlich mit, zum Wohle aller Menschen. Der &#8222;kleine&#8220; Virus hat uns fest in der Hand und wir erkennen an vielen Stellen unsere menschliche Ohnmacht. Aber als glaubender Mensch vertraue ich darauf, dass Gott alles f\u00fcgen wird und die Menschheit alles tut, um &#8222;Corona&#8220; zu bek\u00e4mpfen. <\/p>\n\n\n\n<p>Was mir die vielen Absagen, allein nur unsere Pfarre betreffend sagen, dass <strong>unsere Gemeinschaft in St. Valentin und Umgebung sehr pulsiert<\/strong>! Ich stelle mit ein Herz vor, es pumpt Blut an und schickt es wieder in den Blutkreislauf. <strong>Sammeln und senden<\/strong>! Es r\u00fchrt sich was, Menschen w\u00fcrden sich treffen, kommen zusammen, besch\u00e4ftigen sich mit christlichen Werten, Haltungen und Glaubens\u00fcberzeugungen! Allein die vielen Absagen in unserem pfarrlichen Kinder- und Jugendbereich zeigt mir wieder einmal, wie viele Angebote wir f\u00fcr unsere jungen Menschen und somit f\u00fcr die Familien haben! Leider muss derzeit alles abgesagt werden, aber es zeigt mir was alles gewesen w\u00e4re. Hier geht es uns in keinster Weise um <em>&#8222;Aktionismus&#8220;<\/em>, er wird der Kirche auch hin und wieder, sogar aus den eigenen Reihen vorgeworfen. Nein! Mir zeigt die vielen Absagen, dass <strong>wir als Kirche uns bem\u00fchen, ein pulsierendes Herz in unseren Gemeinden\/Lebensr\u00e4umen zu sein<\/strong>. M\u00f6gen diese Tatsache, auch in diesen <em>eigenartigen<\/em> Tagen, wieder viele (neu) kapieren! Zighunderte Menschen in unserer Pfarre leiden darunter, dass es keine Gottesdienste geben darf. <em>Manche weinen, wenn sie die Kirchenglocken h\u00f6ren! <\/em>Ja, diese neue Sensibilit\u00e4t f\u00fcr das Religi\u00f6se tut uns allen gut! <strong>Denn Gott ist das &#8222;Zentrum der Geschichte&#8220; wie es in einem modernen Lied hei\u00dft! <\/strong><\/p>\n\n\n\n<figure class=\"wp-block-image size-large\"><img decoding=\"async\" loading=\"lazy\" width=\"1024\" height=\"768\" src=\"https:\/\/www.kj-valentin.at\/wp\/wp-content\/uploads\/2020\/04\/AbsageRatschen2020.jpg\" alt=\"\" class=\"wp-image-12591\" srcset=\"https:\/\/www.kj-valentin.at\/wp\/wp-content\/uploads\/2020\/04\/AbsageRatschen2020.jpg 1024w, https:\/\/www.kj-valentin.at\/wp\/wp-content\/uploads\/2020\/04\/AbsageRatschen2020-300x225.jpg 300w, https:\/\/www.kj-valentin.at\/wp\/wp-content\/uploads\/2020\/04\/AbsageRatschen2020-768x576.jpg 768w, https:\/\/www.kj-valentin.at\/wp\/wp-content\/uploads\/2020\/04\/AbsageRatschen2020-840x630.jpg 840w, https:\/\/www.kj-valentin.at\/wp\/wp-content\/uploads\/2020\/04\/AbsageRatschen2020-440x330.jpg 440w\" sizes=\"(max-width: 1024px) 100vw, 1024px\" \/><figcaption>Foto: Renate Steffelbauer<\/figcaption><\/figure>\n\n\n\n<figure class=\"wp-block-embed-youtube wp-block-embed is-type-video is-provider-youtube wp-embed-aspect-16-9 wp-has-aspect-ratio\"><div class=\"wp-block-embed__wrapper\">\n<iframe loading=\"lazy\" title=\"Ratschenkinder in der Pfarre St. Valentin\" width=\"840\" height=\"473\" src=\"https:\/\/www.youtube.com\/embed\/d55MzNum9SI?feature=oembed\" frameborder=\"0\" allow=\"accelerometer; autoplay; encrypted-media; gyroscope; picture-in-picture\" allowfullscreen><\/iframe>\n<\/div><figcaption>Video: Hanspeter Lechner<\/figcaption><\/figure>\n\n\n\n<figure class=\"wp-block-embed-youtube wp-block-embed is-type-video is-provider-youtube wp-embed-aspect-16-9 wp-has-aspect-ratio\"><div class=\"wp-block-embed__wrapper\">\n<iframe loading=\"lazy\" title=\"Anker in Der Zeit\" width=\"840\" height=\"473\" src=\"https:\/\/www.youtube.com\/embed\/AusS7RJNMBo?feature=oembed\" frameborder=\"0\" allow=\"accelerometer; autoplay; encrypted-media; gyroscope; picture-in-picture\" allowfullscreen><\/iframe>\n<\/div><\/figure>\n","protected":false},"excerpt":{"rendered":"<p>Bis Ende Juni keine Veranstaltungen, so lautet der Weg unserer Bundesregierung! Wir gehen ihn als Pfarre selbstverst\u00e4ndlich mit, zum Wohle aller Menschen. Der &#8222;kleine&#8220; Virus hat uns fest in der Hand und wir erkennen an<\/p>\n","protected":false},"author":2,"featured_media":12591,"comment_status":"closed","ping_status":"closed","sticky":false,"template":"","format":"standard","meta":[],"categories":[2],"tags":[],"_links":{"self":[{"href":"https:\/\/www.kj-valentin.at\/wp\/wp-json\/wp\/v2\/posts\/12590"}],"collection":[{"href":"https:\/\/www.kj-valentin.at\/wp\/wp-json\/wp\/v2\/posts"}],"about":[{"href":"https:\/\/www.kj-valentin.at\/wp\/wp-json\/wp\/v2\/types\/post"}],"author":[{"embeddable":true,"href":"https:\/\/www.kj-valentin.at\/wp\/wp-json\/wp\/v2\/users\/2"}],"replies":[{"embeddable":true,"href":"https:\/\/www.kj-valentin.at\/wp\/wp-json\/wp\/v2\/comments?post=12590"}],"version-history":[{"count":1,"href":"https:\/\/www.kj-valentin.at\/wp\/wp-json\/wp\/v2\/posts\/12590\/revisions"}],"predecessor-version":[{"id":12592,"href":"https:\/\/www.kj-valentin.at\/wp\/wp-json\/wp\/v2\/posts\/12590\/revisions\/12592"}],"wp:featuredmedia":[{"embeddable":true,"href":"https:\/\/www.kj-valentin.at\/wp\/wp-json\/wp\/v2\/media\/12591"}],"wp:attachment":[{"href":"https:\/\/www.kj-valentin.at\/wp\/wp-json\/wp\/v2\/media?parent=12590"}],"wp:term":[{"taxonomy":"category","embeddable":true,"href":"https:\/\/www.kj-valentin.at\/wp\/wp-json\/wp\/v2\/categories?post=12590"},{"taxonomy":"post_tag","embeddable":true,"href":"https:\/\/www.kj-valentin.at\/wp\/wp-json\/wp\/v2\/tags?post=12590"}],"curies":[{"name":"wp","href":"https:\/\/api.w.org\/{rel}","templated":true}]}}