{"id":12505,"date":"2020-03-27T17:37:46","date_gmt":"2020-03-27T16:37:46","guid":{"rendered":"https:\/\/www.kj-valentin.at\/wp\/?p=12505"},"modified":"2020-03-28T15:40:50","modified_gmt":"2020-03-28T14:40:50","slug":"weinst-du-gedanken-zum-5-fastensonntag","status":"publish","type":"post","link":"https:\/\/www.kj-valentin.at\/wp\/weinst-du-gedanken-zum-5-fastensonntag\/","title":{"rendered":"Weinst du? Gedanken zum 5. Fastensonntag"},"content":{"rendered":"\n<p><strong>Weinen Sie (heimlich)?<\/strong> Wann hast du das letzte Mal geweint und warum? K\u00f6nnen Sie weinen? Der <strong>Mensch hat das gro\u00dfe Talent<\/strong> in sich weinen zu k\u00f6nnen! <\/p>\n\n\n\n<div class=\"wp-block-image\"><figure class=\"aligncenter size-large\"><img decoding=\"async\" loading=\"lazy\" width=\"704\" height=\"659\" src=\"https:\/\/www.kj-valentin.at\/wp\/wp-content\/uploads\/2020\/03\/WeinenderEngel2018.jpg\" alt=\"\" class=\"wp-image-12506\" srcset=\"https:\/\/www.kj-valentin.at\/wp\/wp-content\/uploads\/2020\/03\/WeinenderEngel2018.jpg 704w, https:\/\/www.kj-valentin.at\/wp\/wp-content\/uploads\/2020\/03\/WeinenderEngel2018-300x281.jpg 300w\" sizes=\"(max-width: 704px) 100vw, 704px\" \/><figcaption>Foto: weinender Engel aus Stein, Friedhof Salzburg, M. Sattelberger 2018<\/figcaption><\/figure><\/div>\n\n\n\n<p><strong>Da weinte Jesus<\/strong>. Diese drei Worte aus dem heutigen Evangelium haben es f\u00fcr mich in sich, haben eine gro\u00dfartige Tiefe, sie stellen mir einen Jesus vor Augen, der nicht erhaben \u00fcber allem steht, sondern als einen der weint \u00fcber den Tod seines Freundes Lazarus, der <strong>mit-weinen<\/strong> kann! Eine, f\u00fcr mich gro\u00dfe Gabe! Der Apostel Paulus schreibt in einem Brief: <strong><em>Freut euch mit den Fr\u00f6hlichen, und weint mit den Weinenden!<\/em><\/strong> Diesen Satz sehe ich auch als meine tiefste Berufung! Ich bin ein Mensch, ein Zeitgenosse, der <em>\u201enahe am Wasser\u201c<\/em> gebaut ist, fr\u00fcher habe ich mich daf\u00fcr oft gesch\u00e4mt, wenn ich bemerkt habe, dass mir das Augenwasserl einschie\u00dft, heute denke ich mir nichts mehr, es zeigt vielmehr mein Gef\u00fchl, eine <strong>Sympathie und Empathie<\/strong>! F\u00fcr mich sind Tr\u00e4nen heilsam, ja auch in manchen Situationen und Umst\u00e4nden reinigend. Tr\u00e4nen sind der Regen der Seele, so habe ich einmal gelesen. Die Bibel sagt in der <strong>Offenbarung des Johannes,<\/strong> dass es am Tag unserer Erl\u00f6sung keine Tr\u00e4nen mehr geben wird, mehr noch <strong>jede geweinte Tr\u00e4ne<\/strong> im Laufe unseres Lebens von <strong>Gott getrocknet wird \u2013 was f\u00fcr eine Verhei\u00dfung! <\/strong><\/p>\n\n\n\n<p>Die Umst\u00e4nde sind klar, <strong>Lazarus <\/strong>ein pers\u00f6nlicher Freund von Jesus ist \u00fcberraschend <strong>gestorben.<\/strong> F\u00fcr die Angeh\u00f6rigen kommt Jesus zu sp\u00e4t, man k\u00f6nnte einen Vorwurf h\u00f6ren im Satz <i>\u201ew\u00e4rst du nur hier gewesen, mein Bruder w\u00e4re nicht gestorben!\u201c.<\/i> <strong>Vorw\u00fcrfe bringen uns selten weiter! Im Gegenteil sie hemmen! <\/strong><\/p>\n\n\n\n<p>Jesus findet seinen Freund\nim Grab vor, der Evangelist Johannes erz\u00e4hlt sogar, dass <strong>er schon riecht,\nein Zeichen der Verwesung! Keine Chance! Aus! Ende! <\/strong><\/p>\n\n\n\n<p>Dass Jesus der Herr \u00fcber\nLeben und Tod ist, so wie es uns die heutigen Lesungen schon angek\u00fcndigt haben,\nbeweist er indem er Lazarus aus seinem Grab herausruft! Das ist wieder so ein\nMoment, wo ich gerne dabei gewesen w\u00e4re, was w\u00fcrde ich geben, um damals\nAugenzeuge gewesen zu sein? <\/p>\n\n\n\n<p>Wo erleben wir heute Totenerweckungen, liebe Schwestern und Br\u00fcder? Auf so mancher <strong>Intensivstation<\/strong>, wie man hin und wieder h\u00f6rt, dank des medizinischen K\u00f6nnens unserer \u00c4rzte und dem modernen Stand der Medizin. Ich kenne auch Menschen, versammelte Gottesdienstgemeinde, und vielleicht kennt ihr auch solche Zeitgenossen, die kommen mir wie <strong>\u201elebende Tote\u201c vor<\/strong>, die Gr\u00fcnde und Umst\u00e4nde sind vielf\u00e4ltig! Manche modern schon lebend vor sich hin, weil ihre Hoffnungen gestorben sind, weil sie ihre Liebe begraben mussten, weil ihre Lebenskraft ein Ende gefunden hat \u2026 Ich hoffe, ihr versteht meine Gedankeng\u00e4nge! <\/p>\n\n\n\n<p><strong>Mir kommt vor,<\/strong> dass Jesus in unserer Zeit, besonders diese Menschen meint, uns dazu beauftragt, diese Mitmenschen zu suchen, zu besuchen, ihnen den zu bringen, der <strong>sie aus ihren Grabh\u00f6hlen herausholen kann<\/strong> \u2013 Jesus, der selbst von sich sagt <strong>\u201eIch bin die Auferstehung und das Leben!\u201c. <\/strong><\/p>\n\n\n\n<p>Klar weinen wir um unsere Toten, aber aus unserem Glauben heraus d\u00fcrfen wir sie uns dort vorstellen, wo jede Tr\u00e4ne getrocknet wird! <\/p>\n\n\n\n<p><strong>Lieber Jesus, hilf uns, dass wir wieder <em>neu<\/em> das Weinen lernen,<\/strong> \u00fcber uns selbst, \u00fcber unsere Mitmenschen und \u00fcber die Welt! F\u00fcr Tr\u00e4nen brauchen wir uns niemals sch\u00e4men! St\u00e4rke unseren Glauben in diesen Tagen vor Ostern, dass Jesus der Garant aller Erl\u00f6sung ist! <\/p>\n\n\n\n<p><strong><em>Glaubst du das? Glauben wir das? <\/em><\/strong>So fragt Jesus Marta heute im Evangelium\u2026<\/p>\n\n\n\n<figure class=\"wp-block-embed-youtube wp-block-embed is-type-video is-provider-youtube wp-embed-aspect-16-9 wp-has-aspect-ratio\"><div class=\"wp-block-embed__wrapper\">\n<iframe loading=\"lazy\" title=\"Lazarus wird von den Toten auferweckt\" width=\"840\" height=\"473\" src=\"https:\/\/www.youtube.com\/embed\/kHZZ2UIa2wI?feature=oembed\" frameborder=\"0\" allow=\"accelerometer; autoplay; encrypted-media; gyroscope; picture-in-picture\" allowfullscreen><\/iframe>\n<\/div><\/figure>\n","protected":false},"excerpt":{"rendered":"<p>Weinen Sie (heimlich)? Wann hast du das letzte Mal geweint und warum? K\u00f6nnen Sie weinen? Der Mensch hat das gro\u00dfe Talent in sich weinen zu k\u00f6nnen! Da weinte Jesus. Diese drei Worte aus dem heutigen<\/p>\n","protected":false},"author":2,"featured_media":12506,"comment_status":"closed","ping_status":"closed","sticky":false,"template":"","format":"standard","meta":[],"categories":[9],"tags":[],"_links":{"self":[{"href":"https:\/\/www.kj-valentin.at\/wp\/wp-json\/wp\/v2\/posts\/12505"}],"collection":[{"href":"https:\/\/www.kj-valentin.at\/wp\/wp-json\/wp\/v2\/posts"}],"about":[{"href":"https:\/\/www.kj-valentin.at\/wp\/wp-json\/wp\/v2\/types\/post"}],"author":[{"embeddable":true,"href":"https:\/\/www.kj-valentin.at\/wp\/wp-json\/wp\/v2\/users\/2"}],"replies":[{"embeddable":true,"href":"https:\/\/www.kj-valentin.at\/wp\/wp-json\/wp\/v2\/comments?post=12505"}],"version-history":[{"count":2,"href":"https:\/\/www.kj-valentin.at\/wp\/wp-json\/wp\/v2\/posts\/12505\/revisions"}],"predecessor-version":[{"id":12515,"href":"https:\/\/www.kj-valentin.at\/wp\/wp-json\/wp\/v2\/posts\/12505\/revisions\/12515"}],"wp:featuredmedia":[{"embeddable":true,"href":"https:\/\/www.kj-valentin.at\/wp\/wp-json\/wp\/v2\/media\/12506"}],"wp:attachment":[{"href":"https:\/\/www.kj-valentin.at\/wp\/wp-json\/wp\/v2\/media?parent=12505"}],"wp:term":[{"taxonomy":"category","embeddable":true,"href":"https:\/\/www.kj-valentin.at\/wp\/wp-json\/wp\/v2\/categories?post=12505"},{"taxonomy":"post_tag","embeddable":true,"href":"https:\/\/www.kj-valentin.at\/wp\/wp-json\/wp\/v2\/tags?post=12505"}],"curies":[{"name":"wp","href":"https:\/\/api.w.org\/{rel}","templated":true}]}}